{"id":16779,"date":"2025-03-13T14:22:48","date_gmt":"2025-03-13T13:22:48","guid":{"rendered":"https:\/\/www.mrgoodfish.com\/?p=16779"},"modified":"2025-05-15T14:22:57","modified_gmt":"2025-05-15T12:22:57","slug":"mr-goodfish30-journees-europeennes-de-locean","status":"publish","type":"post","link":"https:\/\/www.mrgoodfish.com\/en\/mr-goodfish30-journees-europeennes-de-locean\/","title":{"rendered":"Mr.Goodfish3.0 aux Journ\u00e9es Europ\u00e9ennes de l\u2019Oc\u00e9an 2025"},"content":{"rendered":"<p><b>Du 3 au 7 mars, <a href=\"https:\/\/www.mrgoodfish.com\/mr-goodfish-3-0\/\">Mr. Goodfish3.0<\/a> participait aux Journ\u00e9es europ\u00e9ennes de l&#8217;oc\u00e9an 2025 \u00e0 la Commission europ\u00e9enne \u00e0 Bruxelles. Cet \u00e9v\u00e9nement rassemblait des acteurs majeurs du secteur maritime pour discuter de sujets critiques li\u00e9s aux oc\u00e9ans.<\/b><\/p>\n<h3><span>Vers un Pacte Europ\u00e9en de l\u2019Oc\u00e9an<\/span><\/h3>\n<p><span><img loading=\"lazy\" decoding=\"async\" class=\"size-full wp-image-16770 alignleft\" src=\"https:\/\/www.mrgoodfish.com\/wp-content\/uploads\/2025\/03\/EU-Ocean-Days.png\" alt=\"\" width=\"198\" height=\"187\" \/>Les Journ\u00e9es europ\u00e9ennes de l&#8217;oc\u00e9an sont une s\u00e9rie de sessions ax\u00e9es sur <\/span><b>l&#8217;\u00e9conomie bleue durable, la science halieutique, les initiatives de restauration des oc\u00e9ans, les investissements bleus et les dialogues avec les principales parties prenantes<\/b><span>, y compris les repr\u00e9sentants de la jeunesse. L&#8217;\u00e9v\u00e9nement a eu lieu \u00e0 la Commission europ\u00e9enne \u00e0 Bruxelles et a rassembl\u00e9 des acteurs de la mission de l&#8217;Union europ\u00e9enne \u00ab <\/span><a href=\"https:\/\/research-and-innovation.ec.europa.eu\/funding\/funding-opportunities\/funding-programmes-and-open-calls\/horizon-europe\/eu-missions-horizon-europe\/restore-our-ocean-and-waters_en?prefLang=fr&amp;etrans=fr\"><span>Restaurer nos oc\u00e9ans et nos eaux<\/span><\/a><span> \u00bb.<\/span><\/p>\n<p><span>Chaque session a permis d&#8217;explorer les d\u00e9fis urgents et des solutions innovantes, favorisant la collaboration pour fa\u00e7onner les futures politiques maritimes europ\u00e9ennes. En particulier, les Journ\u00e9es europ\u00e9ennes de l\u2019oc\u00e9an ont jou\u00e9 un r\u00f4le essentiel dans l&#8217;\u00e9laboration d\u2019un Pacte europ\u00e9en pour l&#8217;oc\u00e9an, un futur cadre de r\u00e9f\u00e9rence pour les politiques de l&#8217;UE relatives \u00e0 l&#8217;oc\u00e9an, pour lequel la Commission europ\u00e9enne a r\u00e9cemment lanc\u00e9 un <\/span><a href=\"https:\/\/oceans-and-fisheries.ec.europa.eu\/news\/shaping-european-oceans-pact-commission-launches-call-evidence-2025-01-20_en?prefLang=fr&amp;etrans=fr\"><span>appel \u00e0 contribution<\/span><\/a><span>.<\/span><\/p>\n<h3><span>Conclusions de cette semaine<\/span><\/h3>\n<p><span>Tout au long de la semaine, nous avons entendu les contributions d&#8217;experts et de parties prenantes de haut niveau, notamment <\/span><b>Costas Kadis<\/b><span> (Commissaire europ\u00e9en charg\u00e9 de la p\u00eache et des oc\u00e9ans), <\/span><b>Ekaterina Zaharieva<\/b><span> (Commissaire europ\u00e9enne charg\u00e9e des start-ups, de la recherche et de l&#8217;innovation), <\/span><b>Christophe Clergeau<\/b><span> (Membre du Parlement europ\u00e9en, Pr\u00e9sident de l&#8217;intergroupe du Parlement europ\u00e9en sur les mers, les rivi\u00e8res, les \u00eeles et les zones c\u00f4ti\u00e8res), <\/span><b>Olivier Poivre d&#8217;Arvor<\/b><span> (envoy\u00e9 du Pr\u00e9sident de la R\u00e9publique Fran\u00e7aise pour la troisi\u00e8me conf\u00e9rence des Nations unies sur les oc\u00e9ans), et bien d&#8217;autres encore.<\/span><\/p>\n<p><span><img loading=\"lazy\" decoding=\"async\" class=\"wp-image-16764 size-medium alignright\" src=\"https:\/\/www.mrgoodfish.com\/wp-content\/uploads\/2025\/03\/WhatsApp-Image-2025-03-13-at-11-27-49-e1741872082115-300x236.jpeg\" alt=\"\" width=\"300\" height=\"236\" srcset=\"https:\/\/www.mrgoodfish.com\/wp-content\/uploads\/2025\/03\/WhatsApp-Image-2025-03-13-at-11-27-49-e1741872082115-300x236.jpeg 300w, https:\/\/www.mrgoodfish.com\/wp-content\/uploads\/2025\/03\/WhatsApp-Image-2025-03-13-at-11-27-49-e1741872082115-1024x807.jpeg 1024w, https:\/\/www.mrgoodfish.com\/wp-content\/uploads\/2025\/03\/WhatsApp-Image-2025-03-13-at-11-27-49-e1741872082115-768x605.jpeg 768w, https:\/\/www.mrgoodfish.com\/wp-content\/uploads\/2025\/03\/WhatsApp-Image-2025-03-13-at-11-27-49-e1741872082115-762x600.jpeg 762w, https:\/\/www.mrgoodfish.com\/wp-content\/uploads\/2025\/03\/WhatsApp-Image-2025-03-13-at-11-27-49-e1741872082115.jpeg 1168w\" sizes=\"auto, (max-width: 300px) 100vw, 300px\" \/>L&#8217;\u00e9v\u00e9nement s\u2019est ouvert sur une session au cours de laquelle de <\/span><b>jeunes d\u00e9fenseurs des oc\u00e9ans<\/b><span> ont entam\u00e9 le dialogue avec le Commissaire europ\u00e9en charg\u00e9 de la p\u00eache et des oc\u00e9ans. Reconnaissant l&#8217;importance d&#8217;inclure le point de vue des jeunes dans l&#8217;\u00e9laboration des politiques maritimes, cette session a soulign\u00e9 la n\u00e9cessit\u00e9 d&#8217;une collaboration interg\u00e9n\u00e9rationnelle pour assurer un avenir durable \u00e0 nos mers.<\/span><\/p>\n<p><span>L&#8217;un des temps forts a \u00e9t\u00e9 le <\/span><b>troisi\u00e8me forum annuel de la mission \u00ab Restaurer nos oc\u00e9ans et nos eaux \u00bb<\/b><span>. Cette session a permis d&#8217;\u00e9valuer les progr\u00e8s de la Mission, de pr\u00e9senter des solutions innovantes et de discuter des prochaines \u00e9tapes strat\u00e9giques pour atteindre ses <\/span><b>objectifs de 2030<\/b><span> en mati\u00e8re de restauration des \u00e9cosyst\u00e8mes et de la biodiversit\u00e9, de pollution z\u00e9ro, de d\u00e9carbonisation et de r\u00e9duction des \u00e9missions. Les discussions ont \u00e9galement soulign\u00e9 l&#8217;importance d&#8217;impliquer les autorit\u00e9s locales, les acteurs r\u00e9gionaux et le secteur priv\u00e9 dans la mise en \u0153uvre des objectifs de la Mission, un point qui r\u00e9sonne fortement avec l&#8217;approche Mr.Goodfish3.0. Les m\u00e9canismes financiers pour la mise \u00e0 l&#8217;\u00e9chelle et le d\u00e9ploiement des solutions ont \u00e9galement \u00e9t\u00e9 explor\u00e9s, positionnant la Mission comme un contributeur crucial aux priorit\u00e9s futures de l&#8217;UE, y compris le prochain Pacte europ\u00e9en pour l&#8217;oc\u00e9an.<\/span><\/p>\n<p><span><img loading=\"lazy\" decoding=\"async\" class=\"wp-image-16767 size-medium alignleft\" src=\"https:\/\/www.mrgoodfish.com\/wp-content\/uploads\/2025\/03\/WhatsApp-Image-2025-03-13-at-11-28-13-e1741872118306-300x201.jpeg\" alt=\"\" width=\"300\" height=\"201\" srcset=\"https:\/\/www.mrgoodfish.com\/wp-content\/uploads\/2025\/03\/WhatsApp-Image-2025-03-13-at-11-28-13-e1741872118306-300x201.jpeg 300w, https:\/\/www.mrgoodfish.com\/wp-content\/uploads\/2025\/03\/WhatsApp-Image-2025-03-13-at-11-28-13-e1741872118306-1024x687.jpeg 1024w, https:\/\/www.mrgoodfish.com\/wp-content\/uploads\/2025\/03\/WhatsApp-Image-2025-03-13-at-11-28-13-e1741872118306-768x515.jpeg 768w, https:\/\/www.mrgoodfish.com\/wp-content\/uploads\/2025\/03\/WhatsApp-Image-2025-03-13-at-11-28-13-e1741872118306-800x537.jpeg 800w, https:\/\/www.mrgoodfish.com\/wp-content\/uploads\/2025\/03\/WhatsApp-Image-2025-03-13-at-11-28-13-e1741872118306.jpeg 1200w\" sizes=\"auto, (max-width: 300px) 100vw, 300px\" \/>Les <\/span><b>Dialogues sur la P\u00eache et les Oc\u00e9ans<\/b><span> ont constitu\u00e9 un autre point fort de la semaine. Cette session a rassembl\u00e9 un groupe diversifi\u00e9 d&#8217;acteurs de la p\u00eache, de l&#8217;aquaculture, des \u00e9nergies marines renouvelables et d&#8217;autres secteurs de l&#8217;\u00e9conomie bleue afin de collaborer \u00e0 la conception du Pacte europ\u00e9en pour les oc\u00e9ans. La session a permis des \u00e9changes fructueux, favorisant l&#8217;\u00e9mergence de nouvelles id\u00e9es et de strat\u00e9gies concr\u00e8tes pour guider la future gouvernance des oc\u00e9ans. Les discussions ont notamment mis en \u00e9vidence l&#8217;importance d&#8217;assurer une plus grande coh\u00e9sion entre les parties prenantes, les acteurs de l&#8217;industrie de la p\u00eache et les chercheurs pour une meilleure \u00e9valuation des stocks et le d\u00e9ploiement de la recherche scientifique. La communication avec les consommateurs, leur \u00e9ducation et la sensibilisation ont \u00e9galement \u00e9t\u00e9 au c\u0153ur du dialogue, soulignant l&#8217;importance des demandes du march\u00e9 pour la transition vers une production alimentaire aquatique plus responsable, y compris dans l&#8217;aquaculture.<\/span><\/p>\n<p><span>Pour conclure la semaine, <a href=\"https:\/\/www.mrgoodfish.com\/mr-goodfish-3-0\/actualites-du-projet-3-0\/\" target=\"_blank\" rel=\"noopener\">Mr. Goodfish3.0<\/a> a \u00e9galement particip\u00e9 au <\/span><b>S\u00e9minaire sur les sciences halieutiques et oc\u00e9aniques<\/b><span>. Ce s\u00e9minaire a constitu\u00e9 une plateforme de r\u00e9flexion sur les d\u00e9fis actuels et futurs de la science halieutique, offrant des perspectives pr\u00e9cieuses aux scientifiques, aux d\u00e9cideurs politiques et aux professionnels du secteur. Les discussions ont port\u00e9 sur les derniers avis scientifiques, les progr\u00e8s de la recherche et l&#8217;\u00e9volution du paysage de la gestion des p\u00eaches. La discussion s\u2019est \u00e9galement tourn\u00e9e vers le r\u00f4le vital de la science pour soutenir les p\u00eacheries locales et sur le fait qu&#8217;elle doit rester accessible et compr\u00e9hensible pour les personnes impliqu\u00e9es dans l\u2019industrie de la p\u00eache. Ceci fait \u00e9cho \u00e0 Mr.Goodfish3.0, dont l&#8217;objectif est de sensibiliser \u00e0 la consommation responsable des produits de la mer, de l&#8217;eau douce et de l&#8217;aquaculture. Nous croyons fermement au r\u00f4le de la science pour nous aider \u00e0 atteindre notre objectif, car nous savons aussi qu&#8217;une communication scientifique efficace est essentielle pour mener \u00e0 bien notre mission.<\/span><\/p>\n<h3><span>En route pour la Conf\u00e9rence des Nations Unies sur les oc\u00e9ans<\/span><\/h3>\n<p><span><img loading=\"lazy\" decoding=\"async\" class=\"size-full wp-image-16773 alignleft\" src=\"https:\/\/www.mrgoodfish.com\/wp-content\/uploads\/2025\/03\/UNOC.png\" alt=\"\" width=\"272\" height=\"236\" \/>Les Journ\u00e9es europ\u00e9ennes de l&#8217;oc\u00e9an 2025 ont servi de plateforme pour \u00e9tablir des liens, \u00e9changer des id\u00e9es et contribuer \u00e0 fa\u00e7onner l&#8217;avenir des oc\u00e9ans. \u00c0 mesure que nous avan\u00e7ons, les enseignements tir\u00e9s de cet \u00e9v\u00e9nement seront d\u00e9terminants pour orienter notre travail et renforcer notre engagement en faveur d&#8217;une \u00e9conomie bleue durable. La prochaine \u00e9tape importante \u00e0 cet \u00e9gard sera la <\/span><a href=\"https:\/\/sdgs.un.org\/conferences\/ocean2025\"><span>conf\u00e9rence des Nations unies sur les oc\u00e9ans<\/span><\/a><span> (UNOC), qui se tiendra \u00e0 Nice, en France, du 9 au 13 juin 2025, et au cours de laquelle la Commission europ\u00e9enne pr\u00e9voit le lancement du Pacte europ\u00e9en pour les oc\u00e9ans.<\/span><\/p>\n<p><span>Forts de l&#8217;inspiration et des conseils que nous avons re\u00e7us au cours de cette semaine d&#8217;\u00e9v\u00e9nements, nous poursuivrons notre mission en veillant \u00e0 ce que chacun s&#8217;engage au mieux et en nous tenant inform\u00e9s des d\u00e9veloppements \u00e0 venir \u00e0 l&#8217;UNOC 2025.<\/span><\/p>\n<p><span>L&#8217;oc\u00e9an est notre affaire \u00e0 tous : bon pour vous, bon pour la mer!<\/span><\/p>\n<p>&nbsp;<\/p>\n<p>&nbsp;<\/p>\n","protected":false},"excerpt":{"rendered":"<p>Du 3 au 7 mars, Mr. Goodfish3.0 participait aux Journ\u00e9es europ\u00e9ennes de l&#8217;oc\u00e9an 2025 \u00e0 la Commission europ\u00e9enne \u00e0 Bruxelles. Cet \u00e9v\u00e9nement&#8230;<\/p>\n","protected":false},"author":11,"featured_media":16777,"comment_status":"closed","ping_status":"closed","sticky":false,"template":"","format":"standard","meta":{"footnotes":""},"categories":[847],"tags":[856,857,859,858],"class_list":["post-16779","post","type-post","status-publish","format-standard","has-post-thumbnail","hentry","category-mr-goodfish-3-0","tag-commission-europeenne","tag-horizon-europe","tag-mission-ocean-2","tag-mr-goodfish3-0-2"],"better_featured_image":{"id":16777,"alt_text":"","caption":"","description":"","media_type":"image","media_details":{"width":557,"height":362,"file":"2025\/03\/EU-Ocean-Days-pic.png","filesize":416489,"sizes":{"medium":{"file":"EU-Ocean-Days-pic-300x195.png","width":300,"height":195,"mime-type":"image\/png","filesize":117603,"source_url":"https:\/\/www.mrgoodfish.com\/wp-content\/uploads\/2025\/03\/EU-Ocean-Days-pic-300x195.png"},"thumbnail":{"file":"EU-Ocean-Days-pic-150x150.png","width":150,"height":150,"mime-type":"image\/png","filesize":48358,"source_url":"https:\/\/www.mrgoodfish.com\/wp-content\/uploads\/2025\/03\/EU-Ocean-Days-pic-150x150.png"},"mrg-recette-app":{"file":"EU-Ocean-Days-pic-400x300.png","width":400,"height":300,"mime-type":"image\/png","filesize":225196,"source_url":"https:\/\/www.mrgoodfish.com\/wp-content\/uploads\/2025\/03\/EU-Ocean-Days-pic-400x300.png"},"ebor-admin-list-thumb":{"file":"EU-Ocean-Days-pic-60x60.png","width":60,"height":60,"mime-type":"image\/png","filesize":9034,"source_url":"https:\/\/www.mrgoodfish.com\/wp-content\/uploads\/2025\/03\/EU-Ocean-Days-pic-60x60.png"}},"image_meta":{"aperture":"0","credit":"","camera":"","caption":"","created_timestamp":"0","copyright":"","focal_length":"0","iso":"0","shutter_speed":"0","title":"","orientation":"0","keywords":[]}},"post":null,"source_url":"https:\/\/www.mrgoodfish.com\/wp-content\/uploads\/2025\/03\/EU-Ocean-Days-pic.png"},"yoast_head":"<!-- This site is optimized with the Yoast SEO plugin v27.4 - https:\/\/yoast.com\/product\/yoast-seo-wordpress\/ -->\n<title>Mr.Goodfish3.0 aux Journ\u00e9es Europ\u00e9ennes de l\u2019Oc\u00e9an 2025 - Mr.Goodfish<\/title>\n<meta name=\"description\" content=\"Du 3 au 7 mars, Mr. Goodfish3.0 participait aux Journ\u00e9es europ\u00e9ennes de l&#039;oc\u00e9an 2025 \u00e0 la Commission europ\u00e9enne \u00e0 Bruxelles. Cet \u00e9v\u00e9nement rassemblait des acteurs majeurs du secteur maritime pour discuter de sujets critiques li\u00e9s aux oc\u00e9ans.\" \/>\n<meta name=\"robots\" content=\"index, follow, max-snippet:-1, max-image-preview:large, max-video-preview:-1\" \/>\n<link rel=\"canonical\" href=\"https:\/\/www.mrgoodfish.com\/en\/mr-goodfish30-journees-europeennes-de-locean\/\" \/>\n<meta property=\"og:locale\" content=\"en_US\" \/>\n<meta property=\"og:type\" content=\"article\" \/>\n<meta property=\"og:title\" content=\"Mr.Goodfish3.0 aux Journ\u00e9es Europ\u00e9ennes de l\u2019Oc\u00e9an 2025 - Mr.Goodfish\" \/>\n<meta property=\"og:description\" content=\"Du 3 au 7 mars, Mr. Goodfish3.0 participait aux Journ\u00e9es europ\u00e9ennes de l&#039;oc\u00e9an 2025 \u00e0 la Commission europ\u00e9enne \u00e0 Bruxelles. Cet \u00e9v\u00e9nement rassemblait des acteurs majeurs du secteur maritime pour discuter de sujets critiques li\u00e9s aux oc\u00e9ans.\" \/>\n<meta property=\"og:url\" content=\"https:\/\/www.mrgoodfish.com\/en\/mr-goodfish30-journees-europeennes-de-locean\/\" \/>\n<meta property=\"og:site_name\" content=\"Mr.Goodfish\" \/>\n<meta property=\"article:publisher\" content=\"https:\/\/www.facebook.com\/Mr.Goodfish\/\" \/>\n<meta property=\"article:published_time\" content=\"2025-03-13T13:22:48+00:00\" \/>\n<meta property=\"article:modified_time\" content=\"2025-05-15T12:22:57+00:00\" \/>\n<meta property=\"og:image\" content=\"https:\/\/www.mrgoodfish.com\/wp-content\/uploads\/2025\/03\/EU-Ocean-Days-pic.png\" \/>\n\t<meta property=\"og:image:width\" content=\"557\" \/>\n\t<meta property=\"og:image:height\" content=\"362\" \/>\n\t<meta property=\"og:image:type\" content=\"image\/png\" \/>\n<meta name=\"author\" content=\"Denis Saggese\" \/>\n<meta name=\"twitter:card\" content=\"summary_large_image\" \/>\n<meta name=\"twitter:label1\" content=\"Written by\" \/>\n\t<meta name=\"twitter:data1\" content=\"Denis Saggese\" \/>\n\t<meta name=\"twitter:label2\" content=\"Est. reading time\" \/>\n\t<meta name=\"twitter:data2\" content=\"6 minutes\" \/>\n<script type=\"application\/ld+json\" class=\"yoast-schema-graph\">{\"@context\":\"https:\\\/\\\/schema.org\",\"@graph\":[{\"@type\":\"Article\",\"@id\":\"https:\\\/\\\/www.mrgoodfish.com\\\/en\\\/mr-goodfish30-journees-europeennes-de-locean\\\/#article\",\"isPartOf\":{\"@id\":\"https:\\\/\\\/www.mrgoodfish.com\\\/en\\\/mr-goodfish30-journees-europeennes-de-locean\\\/\"},\"author\":{\"name\":\"Denis Saggese\",\"@id\":\"https:\\\/\\\/www.mrgoodfish.com\\\/en\\\/#\\\/schema\\\/person\\\/59946b72814bf8f2b9ccc1d1798b17be\"},\"headline\":\"Mr.Goodfish3.0 aux Journ\u00e9es Europ\u00e9ennes de l\u2019Oc\u00e9an 2025\",\"datePublished\":\"2025-03-13T13:22:48+00:00\",\"dateModified\":\"2025-05-15T12:22:57+00:00\",\"mainEntityOfPage\":{\"@id\":\"https:\\\/\\\/www.mrgoodfish.com\\\/en\\\/mr-goodfish30-journees-europeennes-de-locean\\\/\"},\"wordCount\":1126,\"publisher\":{\"@id\":\"https:\\\/\\\/www.mrgoodfish.com\\\/en\\\/#organization\"},\"image\":{\"@id\":\"https:\\\/\\\/www.mrgoodfish.com\\\/en\\\/mr-goodfish30-journees-europeennes-de-locean\\\/#primaryimage\"},\"thumbnailUrl\":\"https:\\\/\\\/www.mrgoodfish.com\\\/wp-content\\\/uploads\\\/2025\\\/03\\\/EU-Ocean-Days-pic.png\",\"keywords\":[\"Commission europ\u00e9enne\",\"Horizon Europe\",\"Mission Ocean\",\"Mr.Goodfish3.0\"],\"articleSection\":[\"Mr.Goodfish 3.0\"],\"inLanguage\":\"en-US\"},{\"@type\":\"WebPage\",\"@id\":\"https:\\\/\\\/www.mrgoodfish.com\\\/en\\\/mr-goodfish30-journees-europeennes-de-locean\\\/\",\"url\":\"https:\\\/\\\/www.mrgoodfish.com\\\/en\\\/mr-goodfish30-journees-europeennes-de-locean\\\/\",\"name\":\"Mr.Goodfish3.0 aux Journ\u00e9es Europ\u00e9ennes de l\u2019Oc\u00e9an 2025 - Mr.Goodfish\",\"isPartOf\":{\"@id\":\"https:\\\/\\\/www.mrgoodfish.com\\\/en\\\/#website\"},\"primaryImageOfPage\":{\"@id\":\"https:\\\/\\\/www.mrgoodfish.com\\\/en\\\/mr-goodfish30-journees-europeennes-de-locean\\\/#primaryimage\"},\"image\":{\"@id\":\"https:\\\/\\\/www.mrgoodfish.com\\\/en\\\/mr-goodfish30-journees-europeennes-de-locean\\\/#primaryimage\"},\"thumbnailUrl\":\"https:\\\/\\\/www.mrgoodfish.com\\\/wp-content\\\/uploads\\\/2025\\\/03\\\/EU-Ocean-Days-pic.png\",\"datePublished\":\"2025-03-13T13:22:48+00:00\",\"dateModified\":\"2025-05-15T12:22:57+00:00\",\"description\":\"Du 3 au 7 mars, Mr. Goodfish3.0 participait aux Journ\u00e9es europ\u00e9ennes de l'oc\u00e9an 2025 \u00e0 la Commission europ\u00e9enne \u00e0 Bruxelles. Cet \u00e9v\u00e9nement rassemblait des acteurs majeurs du secteur maritime pour discuter de sujets critiques li\u00e9s aux oc\u00e9ans.\",\"breadcrumb\":{\"@id\":\"https:\\\/\\\/www.mrgoodfish.com\\\/en\\\/mr-goodfish30-journees-europeennes-de-locean\\\/#breadcrumb\"},\"inLanguage\":\"en-US\",\"potentialAction\":[{\"@type\":\"ReadAction\",\"target\":[\"https:\\\/\\\/www.mrgoodfish.com\\\/en\\\/mr-goodfish30-journees-europeennes-de-locean\\\/\"]}]},{\"@type\":\"ImageObject\",\"inLanguage\":\"en-US\",\"@id\":\"https:\\\/\\\/www.mrgoodfish.com\\\/en\\\/mr-goodfish30-journees-europeennes-de-locean\\\/#primaryimage\",\"url\":\"https:\\\/\\\/www.mrgoodfish.com\\\/wp-content\\\/uploads\\\/2025\\\/03\\\/EU-Ocean-Days-pic.png\",\"contentUrl\":\"https:\\\/\\\/www.mrgoodfish.com\\\/wp-content\\\/uploads\\\/2025\\\/03\\\/EU-Ocean-Days-pic.png\",\"width\":557,\"height\":362},{\"@type\":\"BreadcrumbList\",\"@id\":\"https:\\\/\\\/www.mrgoodfish.com\\\/en\\\/mr-goodfish30-journees-europeennes-de-locean\\\/#breadcrumb\",\"itemListElement\":[{\"@type\":\"ListItem\",\"position\":1,\"name\":\"Accueil\",\"item\":\"https:\\\/\\\/www.mrgoodfish.com\\\/en\\\/\"},{\"@type\":\"ListItem\",\"position\":2,\"name\":\"Mr.Goodfish3.0 aux Journ\u00e9es Europ\u00e9ennes de l\u2019Oc\u00e9an 2025\"}]},{\"@type\":\"WebSite\",\"@id\":\"https:\\\/\\\/www.mrgoodfish.com\\\/en\\\/#website\",\"url\":\"https:\\\/\\\/www.mrgoodfish.com\\\/en\\\/\",\"name\":\"Mr.Goodfish\",\"description\":\"\",\"publisher\":{\"@id\":\"https:\\\/\\\/www.mrgoodfish.com\\\/en\\\/#organization\"},\"potentialAction\":[{\"@type\":\"SearchAction\",\"target\":{\"@type\":\"EntryPoint\",\"urlTemplate\":\"https:\\\/\\\/www.mrgoodfish.com\\\/en\\\/?s={search_term_string}\"},\"query-input\":{\"@type\":\"PropertyValueSpecification\",\"valueRequired\":true,\"valueName\":\"search_term_string\"}}],\"inLanguage\":\"en-US\"},{\"@type\":\"Organization\",\"@id\":\"https:\\\/\\\/www.mrgoodfish.com\\\/en\\\/#organization\",\"name\":\"MrGoodfish\",\"url\":\"https:\\\/\\\/www.mrgoodfish.com\\\/en\\\/\",\"logo\":{\"@type\":\"ImageObject\",\"inLanguage\":\"en-US\",\"@id\":\"https:\\\/\\\/www.mrgoodfish.com\\\/en\\\/#\\\/schema\\\/logo\\\/image\\\/\",\"url\":\"https:\\\/\\\/www.mrgoodfish.com\\\/wp-content\\\/uploads\\\/2017\\\/12\\\/ACCIMA_icon2.png\",\"contentUrl\":\"https:\\\/\\\/www.mrgoodfish.com\\\/wp-content\\\/uploads\\\/2017\\\/12\\\/ACCIMA_icon2.png\",\"width\":512,\"height\":512,\"caption\":\"MrGoodfish\"},\"image\":{\"@id\":\"https:\\\/\\\/www.mrgoodfish.com\\\/en\\\/#\\\/schema\\\/logo\\\/image\\\/\"},\"sameAs\":[\"https:\\\/\\\/www.facebook.com\\\/Mr.Goodfish\\\/\",\"https:\\\/\\\/www.youtube.com\\\/watch?v=DAihK4kYYIU&amp;amp;amp;list=PLbo1bUfUHiUr3i_v_6H_jgEIzDqfx3Jio\"]},{\"@type\":\"Person\",\"@id\":\"https:\\\/\\\/www.mrgoodfish.com\\\/en\\\/#\\\/schema\\\/person\\\/59946b72814bf8f2b9ccc1d1798b17be\",\"name\":\"Denis Saggese\",\"image\":{\"@type\":\"ImageObject\",\"inLanguage\":\"en-US\",\"@id\":\"https:\\\/\\\/secure.gravatar.com\\\/avatar\\\/23409ee6693351aa25fd4b6e983287df64ce82f7ed8cae3ffb4447547b23763b?s=96&d=mm&r=g\",\"url\":\"https:\\\/\\\/secure.gravatar.com\\\/avatar\\\/23409ee6693351aa25fd4b6e983287df64ce82f7ed8cae3ffb4447547b23763b?s=96&d=mm&r=g\",\"contentUrl\":\"https:\\\/\\\/secure.gravatar.com\\\/avatar\\\/23409ee6693351aa25fd4b6e983287df64ce82f7ed8cae3ffb4447547b23763b?s=96&d=mm&r=g\",\"caption\":\"Denis Saggese\"}}]}<\/script>\n<!-- \/ Yoast SEO plugin. -->","yoast_head_json":{"title":"Mr.Goodfish3.0 aux Journ\u00e9es Europ\u00e9ennes de l\u2019Oc\u00e9an 2025 - Mr.Goodfish","description":"Du 3 au 7 mars, Mr. Goodfish3.0 participait aux Journ\u00e9es europ\u00e9ennes de l'oc\u00e9an 2025 \u00e0 la Commission europ\u00e9enne \u00e0 Bruxelles. Cet \u00e9v\u00e9nement rassemblait des acteurs majeurs du secteur maritime pour discuter de sujets critiques li\u00e9s aux oc\u00e9ans.","robots":{"index":"index","follow":"follow","max-snippet":"max-snippet:-1","max-image-preview":"max-image-preview:large","max-video-preview":"max-video-preview:-1"},"canonical":"https:\/\/www.mrgoodfish.com\/en\/mr-goodfish30-journees-europeennes-de-locean\/","og_locale":"en_US","og_type":"article","og_title":"Mr.Goodfish3.0 aux Journ\u00e9es Europ\u00e9ennes de l\u2019Oc\u00e9an 2025 - Mr.Goodfish","og_description":"Du 3 au 7 mars, Mr. Goodfish3.0 participait aux Journ\u00e9es europ\u00e9ennes de l'oc\u00e9an 2025 \u00e0 la Commission europ\u00e9enne \u00e0 Bruxelles. Cet \u00e9v\u00e9nement rassemblait des acteurs majeurs du secteur maritime pour discuter de sujets critiques li\u00e9s aux oc\u00e9ans.","og_url":"https:\/\/www.mrgoodfish.com\/en\/mr-goodfish30-journees-europeennes-de-locean\/","og_site_name":"Mr.Goodfish","article_publisher":"https:\/\/www.facebook.com\/Mr.Goodfish\/","article_published_time":"2025-03-13T13:22:48+00:00","article_modified_time":"2025-05-15T12:22:57+00:00","og_image":[{"width":557,"height":362,"url":"https:\/\/www.mrgoodfish.com\/wp-content\/uploads\/2025\/03\/EU-Ocean-Days-pic.png","type":"image\/png"}],"author":"Denis Saggese","twitter_card":"summary_large_image","twitter_misc":{"Written by":"Denis Saggese","Est. reading time":"6 minutes"},"schema":{"@context":"https:\/\/schema.org","@graph":[{"@type":"Article","@id":"https:\/\/www.mrgoodfish.com\/en\/mr-goodfish30-journees-europeennes-de-locean\/#article","isPartOf":{"@id":"https:\/\/www.mrgoodfish.com\/en\/mr-goodfish30-journees-europeennes-de-locean\/"},"author":{"name":"Denis Saggese","@id":"https:\/\/www.mrgoodfish.com\/en\/#\/schema\/person\/59946b72814bf8f2b9ccc1d1798b17be"},"headline":"Mr.Goodfish3.0 aux Journ\u00e9es Europ\u00e9ennes de l\u2019Oc\u00e9an 2025","datePublished":"2025-03-13T13:22:48+00:00","dateModified":"2025-05-15T12:22:57+00:00","mainEntityOfPage":{"@id":"https:\/\/www.mrgoodfish.com\/en\/mr-goodfish30-journees-europeennes-de-locean\/"},"wordCount":1126,"publisher":{"@id":"https:\/\/www.mrgoodfish.com\/en\/#organization"},"image":{"@id":"https:\/\/www.mrgoodfish.com\/en\/mr-goodfish30-journees-europeennes-de-locean\/#primaryimage"},"thumbnailUrl":"https:\/\/www.mrgoodfish.com\/wp-content\/uploads\/2025\/03\/EU-Ocean-Days-pic.png","keywords":["Commission europ\u00e9enne","Horizon Europe","Mission Ocean","Mr.Goodfish3.0"],"articleSection":["Mr.Goodfish 3.0"],"inLanguage":"en-US"},{"@type":"WebPage","@id":"https:\/\/www.mrgoodfish.com\/en\/mr-goodfish30-journees-europeennes-de-locean\/","url":"https:\/\/www.mrgoodfish.com\/en\/mr-goodfish30-journees-europeennes-de-locean\/","name":"Mr.Goodfish3.0 aux Journ\u00e9es Europ\u00e9ennes de l\u2019Oc\u00e9an 2025 - Mr.Goodfish","isPartOf":{"@id":"https:\/\/www.mrgoodfish.com\/en\/#website"},"primaryImageOfPage":{"@id":"https:\/\/www.mrgoodfish.com\/en\/mr-goodfish30-journees-europeennes-de-locean\/#primaryimage"},"image":{"@id":"https:\/\/www.mrgoodfish.com\/en\/mr-goodfish30-journees-europeennes-de-locean\/#primaryimage"},"thumbnailUrl":"https:\/\/www.mrgoodfish.com\/wp-content\/uploads\/2025\/03\/EU-Ocean-Days-pic.png","datePublished":"2025-03-13T13:22:48+00:00","dateModified":"2025-05-15T12:22:57+00:00","description":"Du 3 au 7 mars, Mr. Goodfish3.0 participait aux Journ\u00e9es europ\u00e9ennes de l'oc\u00e9an 2025 \u00e0 la Commission europ\u00e9enne \u00e0 Bruxelles. Cet \u00e9v\u00e9nement rassemblait des acteurs majeurs du secteur maritime pour discuter de sujets critiques li\u00e9s aux oc\u00e9ans.","breadcrumb":{"@id":"https:\/\/www.mrgoodfish.com\/en\/mr-goodfish30-journees-europeennes-de-locean\/#breadcrumb"},"inLanguage":"en-US","potentialAction":[{"@type":"ReadAction","target":["https:\/\/www.mrgoodfish.com\/en\/mr-goodfish30-journees-europeennes-de-locean\/"]}]},{"@type":"ImageObject","inLanguage":"en-US","@id":"https:\/\/www.mrgoodfish.com\/en\/mr-goodfish30-journees-europeennes-de-locean\/#primaryimage","url":"https:\/\/www.mrgoodfish.com\/wp-content\/uploads\/2025\/03\/EU-Ocean-Days-pic.png","contentUrl":"https:\/\/www.mrgoodfish.com\/wp-content\/uploads\/2025\/03\/EU-Ocean-Days-pic.png","width":557,"height":362},{"@type":"BreadcrumbList","@id":"https:\/\/www.mrgoodfish.com\/en\/mr-goodfish30-journees-europeennes-de-locean\/#breadcrumb","itemListElement":[{"@type":"ListItem","position":1,"name":"Accueil","item":"https:\/\/www.mrgoodfish.com\/en\/"},{"@type":"ListItem","position":2,"name":"Mr.Goodfish3.0 aux Journ\u00e9es Europ\u00e9ennes de l\u2019Oc\u00e9an 2025"}]},{"@type":"WebSite","@id":"https:\/\/www.mrgoodfish.com\/en\/#website","url":"https:\/\/www.mrgoodfish.com\/en\/","name":"Mr.Goodfish","description":"","publisher":{"@id":"https:\/\/www.mrgoodfish.com\/en\/#organization"},"potentialAction":[{"@type":"SearchAction","target":{"@type":"EntryPoint","urlTemplate":"https:\/\/www.mrgoodfish.com\/en\/?s={search_term_string}"},"query-input":{"@type":"PropertyValueSpecification","valueRequired":true,"valueName":"search_term_string"}}],"inLanguage":"en-US"},{"@type":"Organization","@id":"https:\/\/www.mrgoodfish.com\/en\/#organization","name":"MrGoodfish","url":"https:\/\/www.mrgoodfish.com\/en\/","logo":{"@type":"ImageObject","inLanguage":"en-US","@id":"https:\/\/www.mrgoodfish.com\/en\/#\/schema\/logo\/image\/","url":"https:\/\/www.mrgoodfish.com\/wp-content\/uploads\/2017\/12\/ACCIMA_icon2.png","contentUrl":"https:\/\/www.mrgoodfish.com\/wp-content\/uploads\/2017\/12\/ACCIMA_icon2.png","width":512,"height":512,"caption":"MrGoodfish"},"image":{"@id":"https:\/\/www.mrgoodfish.com\/en\/#\/schema\/logo\/image\/"},"sameAs":["https:\/\/www.facebook.com\/Mr.Goodfish\/","https:\/\/www.youtube.com\/watch?v=DAihK4kYYIU&amp;amp;amp;list=PLbo1bUfUHiUr3i_v_6H_jgEIzDqfx3Jio"]},{"@type":"Person","@id":"https:\/\/www.mrgoodfish.com\/en\/#\/schema\/person\/59946b72814bf8f2b9ccc1d1798b17be","name":"Denis Saggese","image":{"@type":"ImageObject","inLanguage":"en-US","@id":"https:\/\/secure.gravatar.com\/avatar\/23409ee6693351aa25fd4b6e983287df64ce82f7ed8cae3ffb4447547b23763b?s=96&d=mm&r=g","url":"https:\/\/secure.gravatar.com\/avatar\/23409ee6693351aa25fd4b6e983287df64ce82f7ed8cae3ffb4447547b23763b?s=96&d=mm&r=g","contentUrl":"https:\/\/secure.gravatar.com\/avatar\/23409ee6693351aa25fd4b6e983287df64ce82f7ed8cae3ffb4447547b23763b?s=96&d=mm&r=g","caption":"Denis Saggese"}}]}},"_links":{"self":[{"href":"https:\/\/www.mrgoodfish.com\/en\/wp-json\/wp\/v2\/posts\/16779","targetHints":{"allow":["GET"]}}],"collection":[{"href":"https:\/\/www.mrgoodfish.com\/en\/wp-json\/wp\/v2\/posts"}],"about":[{"href":"https:\/\/www.mrgoodfish.com\/en\/wp-json\/wp\/v2\/types\/post"}],"author":[{"embeddable":true,"href":"https:\/\/www.mrgoodfish.com\/en\/wp-json\/wp\/v2\/users\/11"}],"replies":[{"embeddable":true,"href":"https:\/\/www.mrgoodfish.com\/en\/wp-json\/wp\/v2\/comments?post=16779"}],"version-history":[{"count":3,"href":"https:\/\/www.mrgoodfish.com\/en\/wp-json\/wp\/v2\/posts\/16779\/revisions"}],"predecessor-version":[{"id":16971,"href":"https:\/\/www.mrgoodfish.com\/en\/wp-json\/wp\/v2\/posts\/16779\/revisions\/16971"}],"wp:featuredmedia":[{"embeddable":true,"href":"https:\/\/www.mrgoodfish.com\/en\/wp-json\/wp\/v2\/media\/16777"}],"wp:attachment":[{"href":"https:\/\/www.mrgoodfish.com\/en\/wp-json\/wp\/v2\/media?parent=16779"}],"wp:term":[{"taxonomy":"category","embeddable":true,"href":"https:\/\/www.mrgoodfish.com\/en\/wp-json\/wp\/v2\/categories?post=16779"},{"taxonomy":"post_tag","embeddable":true,"href":"https:\/\/www.mrgoodfish.com\/en\/wp-json\/wp\/v2\/tags?post=16779"}],"curies":[{"name":"wp","href":"https:\/\/api.w.org\/{rel}","templated":true}]}}