{"id":13663,"date":"2023-06-27T12:19:29","date_gmt":"2023-06-27T10:19:29","guid":{"rendered":"https:\/\/www.mrgoodfish.com\/?p=13663"},"modified":"2023-06-29T08:33:41","modified_gmt":"2023-06-29T06:33:41","slug":"le-festival-des-terroirs-seafood-expo-barcelone","status":"publish","type":"post","link":"https:\/\/www.mrgoodfish.com\/en\/le-festival-des-terroirs-seafood-expo-barcelone\/","title":{"rendered":"Le festival des terroirs &#038; Seafood Expo Barcelone"},"content":{"rendered":"<h4><strong><span style=\"color: #000000;\">Festival des terroirs<\/span><\/strong><\/h4>\n<p><span style=\"color: #000000;\">Du 15 au 16 avril, Mr.Goodfish \u00e9tait pr\u00e9sent au Festival des Terroirs : un concours sur des d\u00e9marches et des produits innovants sur l&#8217;aspect social et environnemental, organis\u00e9 par l&#8217;Association\u00a0<a style=\"color: #000000;\" href=\"https:\/\/www.linkedin.com\/company\/le-tour-des-terroirs\/\" target=\"_blank\" rel=\"noopener\">Le Tour des Terroirs<\/a>.<\/span><\/p>\n<div id=\"attachment_13664\" style=\"width: 1034px\" class=\"wp-caption aligncenter\"><img loading=\"lazy\" decoding=\"async\" aria-describedby=\"caption-attachment-13664\" class=\"wp-image-13664 size-large\" src=\"https:\/\/www.mrgoodfish.com\/wp-content\/uploads\/2023\/06\/1682228711570-1024x683.jpg\" alt=\"\" width=\"1024\" height=\"683\" srcset=\"https:\/\/www.mrgoodfish.com\/wp-content\/uploads\/2023\/06\/1682228711570-1024x683.jpg 1024w, https:\/\/www.mrgoodfish.com\/wp-content\/uploads\/2023\/06\/1682228711570-300x200.jpg 300w, https:\/\/www.mrgoodfish.com\/wp-content\/uploads\/2023\/06\/1682228711570-768x512.jpg 768w, https:\/\/www.mrgoodfish.com\/wp-content\/uploads\/2023\/06\/1682228711570-1536x1024.jpg 1536w, https:\/\/www.mrgoodfish.com\/wp-content\/uploads\/2023\/06\/1682228711570-800x533.jpg 800w, https:\/\/www.mrgoodfish.com\/wp-content\/uploads\/2023\/06\/1682228711570.jpg 2048w\" sizes=\"auto, (max-width: 1024px) 100vw, 1024px\" \/><p id=\"caption-attachment-13664\" class=\"wp-caption-text\">\u00a9JulietteValero<\/p><\/div>\n<p style=\"text-align: justify;\"><span style=\"color: #000000;\">Cette ann\u00e9e, Mr.Goodfish et l&#8217;Association ont d\u00e9cid\u00e9 de devenir partenaires et de partager leur envie de travailler sur des produits de la mer de saison. <\/span><br \/>\n<span style=\"color: #000000;\">Nous y avons co-organis\u00e9 une table ronde sous le titre &#8220;Bon pour la mer, bon pour vous&#8221; &#8211; Comment concilier p\u00eache et consommation responsable des produits de la mer.\u00a0\u00a0\u00a0\u00a0\u00a0\u00a0 <\/span><br \/>\n<span style=\"color: #000000;\">Ce f\u00fbt un plaisir de pouvoir \u00e9changer sur ce sujet aux c\u00f4t\u00e9s de Jean-Luc VIANEY, adh\u00e9rent Mr.Goodfish et Meilleur Ouvrier de France pour la cat\u00e9gorie poissonnier \u00e9cailler traiteur.<br \/>\n<\/span><span style=\"color: #000000;\">Nous remercions \u00e9galement le chef\u00a0Kevin GOURRET\u00a0qui a su sublimer la dorade royale de M\u00e9diterran\u00e9e, Mr.Goodfish bien-s\u00fbr !<\/span><\/p>\n<h4><strong><span style=\"color: #000000;\">Seafood Expo de Barcelone<\/span><\/strong><\/h4>\n<p><img loading=\"lazy\" decoding=\"async\" class=\"aligncenter wp-image-13667 size-full\" src=\"https:\/\/www.mrgoodfish.com\/wp-content\/uploads\/2023\/06\/seafood-expo-Barcelona-2023.jpg\" alt=\"\" width=\"820\" height=\"312\" srcset=\"https:\/\/www.mrgoodfish.com\/wp-content\/uploads\/2023\/06\/seafood-expo-Barcelona-2023.jpg 820w, https:\/\/www.mrgoodfish.com\/wp-content\/uploads\/2023\/06\/seafood-expo-Barcelona-2023-300x114.jpg 300w, https:\/\/www.mrgoodfish.com\/wp-content\/uploads\/2023\/06\/seafood-expo-Barcelona-2023-768x292.jpg 768w, https:\/\/www.mrgoodfish.com\/wp-content\/uploads\/2023\/06\/seafood-expo-Barcelona-2023-800x304.jpg 800w\" sizes=\"auto, (max-width: 820px) 100vw, 820px\" \/><\/p>\n<p style=\"text-align: justify;\"><span style=\"color: #000000;\">L\u2019\u00e9quipe s\u2019est \u00e9galement rendue au <a href=\"https:\/\/www.seafoodexpo.com\/global\/\" target=\"_blank\" rel=\"noopener\">Seafood de Barcelone<\/a> fin avril. Nous avons eu l&#8217;opportunit\u00e9 de revoir plusieurs partenaires et de faire la connaissance de nouveaux. Les r\u00e9unions focalis\u00e9es sur les cahiers des charges aquaculture se sont av\u00e9r\u00e9es extr\u00eamement constructives. Des id\u00e9es et connaissances ont pu \u00eatre \u00e9chang\u00e9es et partag\u00e9es.<\/span><\/p>\n","protected":false},"excerpt":{"rendered":"<p>Festival des terroirs Du 15 au 16 avril, Mr.Goodfish \u00e9tait pr\u00e9sent au Festival des Terroirs : un concours sur des d\u00e9marches et&#8230;<\/p>\n","protected":false},"author":4,"featured_media":13671,"comment_status":"closed","ping_status":"closed","sticky":false,"template":"","format":"image","meta":{"footnotes":""},"categories":[467,462],"tags":[],"class_list":["post-13663","post","type-post","status-publish","format-image","has-post-thumbnail","hentry","category-adherent","category-espece-de-saison","post_format-post-format-image"],"better_featured_image":{"id":13671,"alt_text":"","caption":"","description":"","media_type":"image","media_details":{"width":1334,"height":459,"file":"2023\/06\/header-peche-et-ecologie.jpg","filesize":716736,"sizes":{"medium":{"file":"header-peche-et-ecologie-300x103.jpg","width":300,"height":103,"mime-type":"image\/jpeg","filesize":66695,"source_url":"https:\/\/www.mrgoodfish.com\/wp-content\/uploads\/2023\/06\/header-peche-et-ecologie-300x103.jpg"},"large":{"file":"header-peche-et-ecologie-1024x352.jpg","width":1024,"height":352,"mime-type":"image\/jpeg","filesize":169062,"source_url":"https:\/\/www.mrgoodfish.com\/wp-content\/uploads\/2023\/06\/header-peche-et-ecologie-1024x352.jpg"},"thumbnail":{"file":"header-peche-et-ecologie-150x150.jpg","width":150,"height":150,"mime-type":"image\/jpeg","filesize":60951,"source_url":"https:\/\/www.mrgoodfish.com\/wp-content\/uploads\/2023\/06\/header-peche-et-ecologie-150x150.jpg"},"medium_large":{"file":"header-peche-et-ecologie-768x264.jpg","width":768,"height":264,"mime-type":"image\/jpeg","filesize":125512,"source_url":"https:\/\/www.mrgoodfish.com\/wp-content\/uploads\/2023\/06\/header-peche-et-ecologie-768x264.jpg"},"mrg-recette":{"file":"header-peche-et-ecologie-800x459.jpg","width":800,"height":459,"mime-type":"image\/jpeg","filesize":169040,"source_url":"https:\/\/www.mrgoodfish.com\/wp-content\/uploads\/2023\/06\/header-peche-et-ecologie-800x459.jpg"},"mrg-recette-app":{"file":"header-peche-et-ecologie-400x300.jpg","width":400,"height":300,"mime-type":"image\/jpeg","filesize":93646,"source_url":"https:\/\/www.mrgoodfish.com\/wp-content\/uploads\/2023\/06\/header-peche-et-ecologie-400x300.jpg"},"mrg-espece":{"file":"header-peche-et-ecologie-800x275.jpg","width":800,"height":275,"mime-type":"image\/jpeg","filesize":131617,"source_url":"https:\/\/www.mrgoodfish.com\/wp-content\/uploads\/2023\/06\/header-peche-et-ecologie-800x275.jpg"},"ebor-admin-list-thumb":{"file":"header-peche-et-ecologie-60x60.jpg","width":60,"height":60,"mime-type":"image\/jpeg","filesize":53288,"source_url":"https:\/\/www.mrgoodfish.com\/wp-content\/uploads\/2023\/06\/header-peche-et-ecologie-60x60.jpg"}},"image_meta":{"aperture":"0","credit":"","camera":"","caption":"","created_timestamp":"0","copyright":"","focal_length":"0","iso":"0","shutter_speed":"0","title":"","orientation":"0","keywords":[]}},"post":13663,"source_url":"https:\/\/www.mrgoodfish.com\/wp-content\/uploads\/2023\/06\/header-peche-et-ecologie.jpg"},"yoast_head":"<!-- This site is optimized with the Yoast SEO plugin v27.4 - https:\/\/yoast.com\/product\/yoast-seo-wordpress\/ -->\n<title>Le festival des terroirs &amp; Seafood Expo Barcelone - Mr.Goodfish<\/title>\n<meta name=\"robots\" content=\"index, follow, max-snippet:-1, max-image-preview:large, max-video-preview:-1\" \/>\n<link rel=\"canonical\" href=\"https:\/\/www.mrgoodfish.com\/en\/le-festival-des-terroirs-seafood-expo-barcelone\/\" \/>\n<meta property=\"og:locale\" content=\"en_US\" \/>\n<meta property=\"og:type\" content=\"article\" \/>\n<meta property=\"og:title\" content=\"Le festival des terroirs &amp; Seafood Expo Barcelone - Mr.Goodfish\" \/>\n<meta property=\"og:description\" content=\"Festival des terroirs Du 15 au 16 avril, Mr.Goodfish \u00e9tait pr\u00e9sent au Festival des Terroirs : un concours sur des d\u00e9marches et...\" \/>\n<meta property=\"og:url\" content=\"https:\/\/www.mrgoodfish.com\/en\/le-festival-des-terroirs-seafood-expo-barcelone\/\" \/>\n<meta property=\"og:site_name\" content=\"Mr.Goodfish\" \/>\n<meta property=\"article:publisher\" content=\"https:\/\/www.facebook.com\/Mr.Goodfish\/\" \/>\n<meta property=\"article:published_time\" content=\"2023-06-27T10:19:29+00:00\" \/>\n<meta property=\"article:modified_time\" content=\"2023-06-29T06:33:41+00:00\" \/>\n<meta property=\"og:image\" content=\"https:\/\/www.mrgoodfish.com\/wp-content\/uploads\/2023\/06\/header-peche-et-ecologie.jpg\" \/>\n\t<meta property=\"og:image:width\" content=\"1334\" \/>\n\t<meta property=\"og:image:height\" content=\"459\" \/>\n\t<meta property=\"og:image:type\" content=\"image\/jpeg\" \/>\n<meta name=\"author\" content=\"Carine BAYEUX\" \/>\n<meta name=\"twitter:card\" content=\"summary_large_image\" \/>\n<meta name=\"twitter:label1\" content=\"Written by\" \/>\n\t<meta name=\"twitter:data1\" content=\"Carine BAYEUX\" \/>\n\t<meta name=\"twitter:label2\" content=\"Est. reading time\" \/>\n\t<meta name=\"twitter:data2\" content=\"2 minutes\" \/>\n<script type=\"application\/ld+json\" class=\"yoast-schema-graph\">{\"@context\":\"https:\\\/\\\/schema.org\",\"@graph\":[{\"@type\":\"Article\",\"@id\":\"https:\\\/\\\/www.mrgoodfish.com\\\/en\\\/le-festival-des-terroirs-seafood-expo-barcelone\\\/#article\",\"isPartOf\":{\"@id\":\"https:\\\/\\\/www.mrgoodfish.com\\\/en\\\/le-festival-des-terroirs-seafood-expo-barcelone\\\/\"},\"author\":{\"name\":\"Carine BAYEUX\",\"@id\":\"https:\\\/\\\/www.mrgoodfish.com\\\/en\\\/#\\\/schema\\\/person\\\/8c106f6858592ecb6e535557009aaceb\"},\"headline\":\"Le festival des terroirs &#038; Seafood Expo Barcelone\",\"datePublished\":\"2023-06-27T10:19:29+00:00\",\"dateModified\":\"2023-06-29T06:33:41+00:00\",\"mainEntityOfPage\":{\"@id\":\"https:\\\/\\\/www.mrgoodfish.com\\\/en\\\/le-festival-des-terroirs-seafood-expo-barcelone\\\/\"},\"wordCount\":233,\"publisher\":{\"@id\":\"https:\\\/\\\/www.mrgoodfish.com\\\/en\\\/#organization\"},\"image\":{\"@id\":\"https:\\\/\\\/www.mrgoodfish.com\\\/en\\\/le-festival-des-terroirs-seafood-expo-barcelone\\\/#primaryimage\"},\"thumbnailUrl\":\"https:\\\/\\\/www.mrgoodfish.com\\\/wp-content\\\/uploads\\\/2023\\\/06\\\/header-peche-et-ecologie.jpg\",\"articleSection\":[\"adh\u00e9rent\",\"esp\u00e8ce de saison\"],\"inLanguage\":\"en-US\"},{\"@type\":\"WebPage\",\"@id\":\"https:\\\/\\\/www.mrgoodfish.com\\\/en\\\/le-festival-des-terroirs-seafood-expo-barcelone\\\/\",\"url\":\"https:\\\/\\\/www.mrgoodfish.com\\\/en\\\/le-festival-des-terroirs-seafood-expo-barcelone\\\/\",\"name\":\"Le festival des terroirs & Seafood Expo Barcelone - Mr.Goodfish\",\"isPartOf\":{\"@id\":\"https:\\\/\\\/www.mrgoodfish.com\\\/en\\\/#website\"},\"primaryImageOfPage\":{\"@id\":\"https:\\\/\\\/www.mrgoodfish.com\\\/en\\\/le-festival-des-terroirs-seafood-expo-barcelone\\\/#primaryimage\"},\"image\":{\"@id\":\"https:\\\/\\\/www.mrgoodfish.com\\\/en\\\/le-festival-des-terroirs-seafood-expo-barcelone\\\/#primaryimage\"},\"thumbnailUrl\":\"https:\\\/\\\/www.mrgoodfish.com\\\/wp-content\\\/uploads\\\/2023\\\/06\\\/header-peche-et-ecologie.jpg\",\"datePublished\":\"2023-06-27T10:19:29+00:00\",\"dateModified\":\"2023-06-29T06:33:41+00:00\",\"breadcrumb\":{\"@id\":\"https:\\\/\\\/www.mrgoodfish.com\\\/en\\\/le-festival-des-terroirs-seafood-expo-barcelone\\\/#breadcrumb\"},\"inLanguage\":\"en-US\",\"potentialAction\":[{\"@type\":\"ReadAction\",\"target\":[\"https:\\\/\\\/www.mrgoodfish.com\\\/en\\\/le-festival-des-terroirs-seafood-expo-barcelone\\\/\"]}]},{\"@type\":\"ImageObject\",\"inLanguage\":\"en-US\",\"@id\":\"https:\\\/\\\/www.mrgoodfish.com\\\/en\\\/le-festival-des-terroirs-seafood-expo-barcelone\\\/#primaryimage\",\"url\":\"https:\\\/\\\/www.mrgoodfish.com\\\/wp-content\\\/uploads\\\/2023\\\/06\\\/header-peche-et-ecologie.jpg\",\"contentUrl\":\"https:\\\/\\\/www.mrgoodfish.com\\\/wp-content\\\/uploads\\\/2023\\\/06\\\/header-peche-et-ecologie.jpg\",\"width\":1334,\"height\":459},{\"@type\":\"BreadcrumbList\",\"@id\":\"https:\\\/\\\/www.mrgoodfish.com\\\/en\\\/le-festival-des-terroirs-seafood-expo-barcelone\\\/#breadcrumb\",\"itemListElement\":[{\"@type\":\"ListItem\",\"position\":1,\"name\":\"Accueil\",\"item\":\"https:\\\/\\\/www.mrgoodfish.com\\\/en\\\/\"},{\"@type\":\"ListItem\",\"position\":2,\"name\":\"Le festival des terroirs &#038; Seafood Expo Barcelone\"}]},{\"@type\":\"WebSite\",\"@id\":\"https:\\\/\\\/www.mrgoodfish.com\\\/en\\\/#website\",\"url\":\"https:\\\/\\\/www.mrgoodfish.com\\\/en\\\/\",\"name\":\"Mr.Goodfish\",\"description\":\"\",\"publisher\":{\"@id\":\"https:\\\/\\\/www.mrgoodfish.com\\\/en\\\/#organization\"},\"potentialAction\":[{\"@type\":\"SearchAction\",\"target\":{\"@type\":\"EntryPoint\",\"urlTemplate\":\"https:\\\/\\\/www.mrgoodfish.com\\\/en\\\/?s={search_term_string}\"},\"query-input\":{\"@type\":\"PropertyValueSpecification\",\"valueRequired\":true,\"valueName\":\"search_term_string\"}}],\"inLanguage\":\"en-US\"},{\"@type\":\"Organization\",\"@id\":\"https:\\\/\\\/www.mrgoodfish.com\\\/en\\\/#organization\",\"name\":\"MrGoodfish\",\"url\":\"https:\\\/\\\/www.mrgoodfish.com\\\/en\\\/\",\"logo\":{\"@type\":\"ImageObject\",\"inLanguage\":\"en-US\",\"@id\":\"https:\\\/\\\/www.mrgoodfish.com\\\/en\\\/#\\\/schema\\\/logo\\\/image\\\/\",\"url\":\"https:\\\/\\\/www.mrgoodfish.com\\\/wp-content\\\/uploads\\\/2017\\\/12\\\/ACCIMA_icon2.png\",\"contentUrl\":\"https:\\\/\\\/www.mrgoodfish.com\\\/wp-content\\\/uploads\\\/2017\\\/12\\\/ACCIMA_icon2.png\",\"width\":512,\"height\":512,\"caption\":\"MrGoodfish\"},\"image\":{\"@id\":\"https:\\\/\\\/www.mrgoodfish.com\\\/en\\\/#\\\/schema\\\/logo\\\/image\\\/\"},\"sameAs\":[\"https:\\\/\\\/www.facebook.com\\\/Mr.Goodfish\\\/\",\"https:\\\/\\\/www.youtube.com\\\/watch?v=DAihK4kYYIU&amp;amp;amp;list=PLbo1bUfUHiUr3i_v_6H_jgEIzDqfx3Jio\"]},{\"@type\":\"Person\",\"@id\":\"https:\\\/\\\/www.mrgoodfish.com\\\/en\\\/#\\\/schema\\\/person\\\/8c106f6858592ecb6e535557009aaceb\",\"name\":\"Carine BAYEUX\",\"image\":{\"@type\":\"ImageObject\",\"inLanguage\":\"en-US\",\"@id\":\"https:\\\/\\\/secure.gravatar.com\\\/avatar\\\/994ad671adff6893b1063c1ef9145981ee17544f89cfd0db8a602b1821960b2c?s=96&d=mm&r=g\",\"url\":\"https:\\\/\\\/secure.gravatar.com\\\/avatar\\\/994ad671adff6893b1063c1ef9145981ee17544f89cfd0db8a602b1821960b2c?s=96&d=mm&r=g\",\"contentUrl\":\"https:\\\/\\\/secure.gravatar.com\\\/avatar\\\/994ad671adff6893b1063c1ef9145981ee17544f89cfd0db8a602b1821960b2c?s=96&d=mm&r=g\",\"caption\":\"Carine BAYEUX\"}}]}<\/script>\n<!-- \/ Yoast SEO plugin. -->","yoast_head_json":{"title":"Le festival des terroirs & Seafood Expo Barcelone - Mr.Goodfish","robots":{"index":"index","follow":"follow","max-snippet":"max-snippet:-1","max-image-preview":"max-image-preview:large","max-video-preview":"max-video-preview:-1"},"canonical":"https:\/\/www.mrgoodfish.com\/en\/le-festival-des-terroirs-seafood-expo-barcelone\/","og_locale":"en_US","og_type":"article","og_title":"Le festival des terroirs & Seafood Expo Barcelone - Mr.Goodfish","og_description":"Festival des terroirs Du 15 au 16 avril, Mr.Goodfish \u00e9tait pr\u00e9sent au Festival des Terroirs : un concours sur des d\u00e9marches et...","og_url":"https:\/\/www.mrgoodfish.com\/en\/le-festival-des-terroirs-seafood-expo-barcelone\/","og_site_name":"Mr.Goodfish","article_publisher":"https:\/\/www.facebook.com\/Mr.Goodfish\/","article_published_time":"2023-06-27T10:19:29+00:00","article_modified_time":"2023-06-29T06:33:41+00:00","og_image":[{"width":1334,"height":459,"url":"https:\/\/www.mrgoodfish.com\/wp-content\/uploads\/2023\/06\/header-peche-et-ecologie.jpg","type":"image\/jpeg"}],"author":"Carine BAYEUX","twitter_card":"summary_large_image","twitter_misc":{"Written by":"Carine BAYEUX","Est. reading time":"2 minutes"},"schema":{"@context":"https:\/\/schema.org","@graph":[{"@type":"Article","@id":"https:\/\/www.mrgoodfish.com\/en\/le-festival-des-terroirs-seafood-expo-barcelone\/#article","isPartOf":{"@id":"https:\/\/www.mrgoodfish.com\/en\/le-festival-des-terroirs-seafood-expo-barcelone\/"},"author":{"name":"Carine BAYEUX","@id":"https:\/\/www.mrgoodfish.com\/en\/#\/schema\/person\/8c106f6858592ecb6e535557009aaceb"},"headline":"Le festival des terroirs &#038; Seafood Expo Barcelone","datePublished":"2023-06-27T10:19:29+00:00","dateModified":"2023-06-29T06:33:41+00:00","mainEntityOfPage":{"@id":"https:\/\/www.mrgoodfish.com\/en\/le-festival-des-terroirs-seafood-expo-barcelone\/"},"wordCount":233,"publisher":{"@id":"https:\/\/www.mrgoodfish.com\/en\/#organization"},"image":{"@id":"https:\/\/www.mrgoodfish.com\/en\/le-festival-des-terroirs-seafood-expo-barcelone\/#primaryimage"},"thumbnailUrl":"https:\/\/www.mrgoodfish.com\/wp-content\/uploads\/2023\/06\/header-peche-et-ecologie.jpg","articleSection":["adh\u00e9rent","esp\u00e8ce de saison"],"inLanguage":"en-US"},{"@type":"WebPage","@id":"https:\/\/www.mrgoodfish.com\/en\/le-festival-des-terroirs-seafood-expo-barcelone\/","url":"https:\/\/www.mrgoodfish.com\/en\/le-festival-des-terroirs-seafood-expo-barcelone\/","name":"Le festival des terroirs & Seafood Expo Barcelone - Mr.Goodfish","isPartOf":{"@id":"https:\/\/www.mrgoodfish.com\/en\/#website"},"primaryImageOfPage":{"@id":"https:\/\/www.mrgoodfish.com\/en\/le-festival-des-terroirs-seafood-expo-barcelone\/#primaryimage"},"image":{"@id":"https:\/\/www.mrgoodfish.com\/en\/le-festival-des-terroirs-seafood-expo-barcelone\/#primaryimage"},"thumbnailUrl":"https:\/\/www.mrgoodfish.com\/wp-content\/uploads\/2023\/06\/header-peche-et-ecologie.jpg","datePublished":"2023-06-27T10:19:29+00:00","dateModified":"2023-06-29T06:33:41+00:00","breadcrumb":{"@id":"https:\/\/www.mrgoodfish.com\/en\/le-festival-des-terroirs-seafood-expo-barcelone\/#breadcrumb"},"inLanguage":"en-US","potentialAction":[{"@type":"ReadAction","target":["https:\/\/www.mrgoodfish.com\/en\/le-festival-des-terroirs-seafood-expo-barcelone\/"]}]},{"@type":"ImageObject","inLanguage":"en-US","@id":"https:\/\/www.mrgoodfish.com\/en\/le-festival-des-terroirs-seafood-expo-barcelone\/#primaryimage","url":"https:\/\/www.mrgoodfish.com\/wp-content\/uploads\/2023\/06\/header-peche-et-ecologie.jpg","contentUrl":"https:\/\/www.mrgoodfish.com\/wp-content\/uploads\/2023\/06\/header-peche-et-ecologie.jpg","width":1334,"height":459},{"@type":"BreadcrumbList","@id":"https:\/\/www.mrgoodfish.com\/en\/le-festival-des-terroirs-seafood-expo-barcelone\/#breadcrumb","itemListElement":[{"@type":"ListItem","position":1,"name":"Accueil","item":"https:\/\/www.mrgoodfish.com\/en\/"},{"@type":"ListItem","position":2,"name":"Le festival des terroirs &#038; Seafood Expo Barcelone"}]},{"@type":"WebSite","@id":"https:\/\/www.mrgoodfish.com\/en\/#website","url":"https:\/\/www.mrgoodfish.com\/en\/","name":"Mr.Goodfish","description":"","publisher":{"@id":"https:\/\/www.mrgoodfish.com\/en\/#organization"},"potentialAction":[{"@type":"SearchAction","target":{"@type":"EntryPoint","urlTemplate":"https:\/\/www.mrgoodfish.com\/en\/?s={search_term_string}"},"query-input":{"@type":"PropertyValueSpecification","valueRequired":true,"valueName":"search_term_string"}}],"inLanguage":"en-US"},{"@type":"Organization","@id":"https:\/\/www.mrgoodfish.com\/en\/#organization","name":"MrGoodfish","url":"https:\/\/www.mrgoodfish.com\/en\/","logo":{"@type":"ImageObject","inLanguage":"en-US","@id":"https:\/\/www.mrgoodfish.com\/en\/#\/schema\/logo\/image\/","url":"https:\/\/www.mrgoodfish.com\/wp-content\/uploads\/2017\/12\/ACCIMA_icon2.png","contentUrl":"https:\/\/www.mrgoodfish.com\/wp-content\/uploads\/2017\/12\/ACCIMA_icon2.png","width":512,"height":512,"caption":"MrGoodfish"},"image":{"@id":"https:\/\/www.mrgoodfish.com\/en\/#\/schema\/logo\/image\/"},"sameAs":["https:\/\/www.facebook.com\/Mr.Goodfish\/","https:\/\/www.youtube.com\/watch?v=DAihK4kYYIU&amp;amp;amp;list=PLbo1bUfUHiUr3i_v_6H_jgEIzDqfx3Jio"]},{"@type":"Person","@id":"https:\/\/www.mrgoodfish.com\/en\/#\/schema\/person\/8c106f6858592ecb6e535557009aaceb","name":"Carine BAYEUX","image":{"@type":"ImageObject","inLanguage":"en-US","@id":"https:\/\/secure.gravatar.com\/avatar\/994ad671adff6893b1063c1ef9145981ee17544f89cfd0db8a602b1821960b2c?s=96&d=mm&r=g","url":"https:\/\/secure.gravatar.com\/avatar\/994ad671adff6893b1063c1ef9145981ee17544f89cfd0db8a602b1821960b2c?s=96&d=mm&r=g","contentUrl":"https:\/\/secure.gravatar.com\/avatar\/994ad671adff6893b1063c1ef9145981ee17544f89cfd0db8a602b1821960b2c?s=96&d=mm&r=g","caption":"Carine BAYEUX"}}]}},"_links":{"self":[{"href":"https:\/\/www.mrgoodfish.com\/en\/wp-json\/wp\/v2\/posts\/13663","targetHints":{"allow":["GET"]}}],"collection":[{"href":"https:\/\/www.mrgoodfish.com\/en\/wp-json\/wp\/v2\/posts"}],"about":[{"href":"https:\/\/www.mrgoodfish.com\/en\/wp-json\/wp\/v2\/types\/post"}],"author":[{"embeddable":true,"href":"https:\/\/www.mrgoodfish.com\/en\/wp-json\/wp\/v2\/users\/4"}],"replies":[{"embeddable":true,"href":"https:\/\/www.mrgoodfish.com\/en\/wp-json\/wp\/v2\/comments?post=13663"}],"version-history":[{"count":5,"href":"https:\/\/www.mrgoodfish.com\/en\/wp-json\/wp\/v2\/posts\/13663\/revisions"}],"predecessor-version":[{"id":13702,"href":"https:\/\/www.mrgoodfish.com\/en\/wp-json\/wp\/v2\/posts\/13663\/revisions\/13702"}],"wp:featuredmedia":[{"embeddable":true,"href":"https:\/\/www.mrgoodfish.com\/en\/wp-json\/wp\/v2\/media\/13671"}],"wp:attachment":[{"href":"https:\/\/www.mrgoodfish.com\/en\/wp-json\/wp\/v2\/media?parent=13663"}],"wp:term":[{"taxonomy":"category","embeddable":true,"href":"https:\/\/www.mrgoodfish.com\/en\/wp-json\/wp\/v2\/categories?post=13663"},{"taxonomy":"post_tag","embeddable":true,"href":"https:\/\/www.mrgoodfish.com\/en\/wp-json\/wp\/v2\/tags?post=13663"}],"curies":[{"name":"wp","href":"https:\/\/api.w.org\/{rel}","templated":true}]}}